{"id":399,"date":"2018-07-19T11:30:14","date_gmt":"2018-07-19T09:30:14","guid":{"rendered":"https:\/\/www.drmeunier.be\/?p=399"},"modified":"2018-07-25T13:22:20","modified_gmt":"2018-07-25T11:22:20","slug":"congres-coalition-usher-2018","status":"publish","type":"post","link":"https:\/\/www.drmeunier.be\/fr\/congres-coalition-usher-2018\/","title":{"rendered":"Congr\u00e8s coalition USHER 2018"},"content":{"rendered":"<div class=\"wpb-content-wrapper\"><p>[vc_row][vc_column]<h3 class=\"grve-element grve-title grve-align-center grve-h3\" style=\"margin-bottom: 30px;\"><span>Le syndrome de Usher est une maladie rare qui touche 1 personne sur 30 000.<span class=\"grve-title-line grve-bg-primary-1\" style=\"width: 50px;height: 2px;\"><\/span><\/span><\/h3>[vc_column_text]En Europe, environ 17 000 personnes de tout \u00e2ges; nouveaux-n\u00e9s, enfants et adultes, en souffrent de nos jours. Elle repr\u00e9sente la premiere cause g\u00e9n\u00e9tique de surdit\u00e9 associ\u00e9e \u00e0 une c\u00e9cit\u00e9.<\/p>\n<p>Les premi\u00e8res descriptions cliniques datent de 1851 par les Messieurs Von Graefe et Liebreich et c&rsquo;est en 1914, que l&rsquo;ophtalmologue britanique Charles Usher lui donne son nom et la d\u00e9finit comme maladie h\u00e9r\u00e9ditaire.<\/p>\n<p>La cause de ce syndrome est tr\u00e8s h\u00e9t\u00e9rog\u00e8ne. On connait \u00e0 l&rsquo;heure actuelle un peu plus de 10 g\u00e8nes responsables (10 g\u00e8nes et 12 loci responsables).<\/p>\n<p>Les immenses progr\u00e8s de la g\u00e9n\u00e9tique au cours de ces derniers si\u00e8cles ont permis d&rsquo;apporter un regard nouveau et une meilleure comprehension de cette maladie rare.<\/p>\n<p>L&rsquo;objectif de notre \u00e9tude est de corr\u00e9ler le ph\u00e9notype de la maladie au g\u00e9notype c&rsquo;est \u00e0 dire : pour chaque identit\u00e9 g\u00e9n\u00e9tique de chaque patient, d\u00e9finir les signes cliniques, leur s\u00e9v\u00e9rit\u00e9 et leur chronologie d&rsquo;apparition, en d&rsquo;autres termes : pr\u00e9dire la pr\u00e9sentation clinique de la maladie selon l&rsquo;identit\u00e9 g\u00e9n\u00e9tique de chaque patient.<\/p>\n<p>Les b\u00e9n\u00e9fices pour les patients sont \u00e9vidents! Nous pourrons mieux \u00e9valuer la chronologie et la s\u00e9v\u00e9rit\u00e9 de l&rsquo;atteinte future. Cela permettra de mieux informer les patients sur leur orientation scolaire et professionnelle, la n\u00e9c\u00e9ssit\u00e9 et le moment d&rsquo; apporter une aide aux handicaps comme par exemple l&rsquo;apprentissage du Braille.<\/p>\n<p>J&rsquo;ai l&rsquo;immense plaisir de collaborer internationalement avec les professeurs Isabelle Meunier, Anne-Francoise Roux et Catherine Blanchet de Montpellier et le professeur Zanlonghi de Nantes. Ils sont depuis de nombreuses ann\u00e9es impliqu\u00e9es dans la recherche dans le domaine de l ophtalmog\u00e9n\u00e9tique.<\/p>\n<p>Le \u00ab\u00a0centre de th\u00e9rapie des c\u00e9cit\u00e9s r\u00e9tiniennes et du nerf optique\u00a0\u00bb \u00e0 l\u2019Institut des Neurosciences de Montpellier qui etait dirig\u00e9 par l&rsquo;\u00e9minent Professeur Christian Hamel, mon promoteur et ophtalmologue g\u00e9n\u00e9ticien, est un des plus grands centres de r\u00e9f\u00e9rences du syndrome de Usher en Europe.<\/p>\n<p>Son institut recense depuis des dizaines d&rsquo;ann\u00e9es, les patients issus de toute la France et certains m\u00eame de Belgique. Ce collosal travail au fil des ans a permit de constituer une base de donn\u00e9es de plus de 300 patients ce qui constitue une des plus importantes s\u00e9ries de syndrome de Usher au monde.<\/p>\n<p>Dans cette section vous trouverez le fruit de nos recherches d\u00e9j\u00e0 publi\u00e9es ou pr\u00e9sent\u00e9es.[\/vc_column_text][\/vc_column][\/vc_row][vc_row][vc_column width=\u00a0\u00bb1\/2&Prime;][vc_column_text css=\u00a0\u00bb.vc_custom_1531995699004{margin-bottom: 30px !important;}\u00a0\u00bb]<\/p>\n<h6>Voici un poster qui sera pr\u00e9sent\u00e9 au congr\u00e8s international organis\u00e9 par la Coalition Usher.<\/h6>\n<p>[\/vc_column_text]<div class=\"grve-element grve-image grve-align-center\" style=\"\">  <div class=\"grve-image-wrapper\"><a href=\"\/wp-content\/uploads\/2018\/07\/USHER-2018-poster-exon-13.pdf\" target=\"_blank\" rel=\"noopener noreferrer\"><img decoding=\"async\" width=\"4236\" height=\"5991\" src=\"https:\/\/www.drmeunier.be\/wp-content\/uploads\/2018\/07\/USHER-2018-poster-exon-13-pdf.jpg\" class=\"attachment-full size-full\" alt=\"\" srcset=\"https:\/\/www.drmeunier.be\/wp-content\/uploads\/2018\/07\/USHER-2018-poster-exon-13-pdf.jpg 1x,https:\/\/www.drmeunier.be\/wp-content\/uploads\/2018\/07\/USHER-2018-poster-exon-13-pdf.jpg 2x\" \/><\/a>   <\/div><\/div>[\/vc_column][vc_column width=\u00a0\u00bb1\/2&Prime;][\/vc_column][\/vc_row][vc_row][vc_column]<div class=\"grve-element grve-divider\" style=\"padding-bottom: 30px;\"><div class=\"grve-dashed-line-divider grve-border\"><\/div><\/div>[vc_column_text]<\/p>\n<p style=\"text-align: center;\">Le congr\u00e8s a lieu cette ann\u00e9e \u00e0 Maintz en Allemagne :<br \/>\n<a href=\"https:\/\/www.ush2018.org\/en\" target=\"_blank\" rel=\"noopener\">www.ush2018.org<\/a>\u00a0|\u00a0<a href=\"https:\/\/www.usher-syndrome.org\/\" target=\"_blank\" rel=\"noopener\">www.usher-syndrome.org<\/a><\/p>\n<p>[\/vc_column_text][\/vc_column][\/vc_row]<\/p>\n<\/div>","protected":false},"excerpt":{"rendered":"<p>[vc_row][vc_column][vc_column_text]En Europe, environ 17 000 personnes de tout \u00e2ges; nouveaux-n\u00e9s, enfants et adultes, en souffrent de nos jours. Elle repr\u00e9sente la premiere cause g\u00e9n\u00e9tique de surdit\u00e9 associ\u00e9e \u00e0 une c\u00e9cit\u00e9. Les premi\u00e8res descriptions cliniques datent de 1851 par les Messieurs Von Graefe et Liebreich et c&rsquo;est en 1914, que l&rsquo;ophtalmologue britanique Charles Usher lui donne [&hellip;]<\/p>\n","protected":false},"author":1,"featured_media":0,"comment_status":"open","ping_status":"open","sticky":false,"template":"","format":"standard","meta":{"inline_featured_image":false,"footnotes":""},"categories":[4],"tags":[],"class_list":["post-399","post","type-post","status-publish","format-standard","hentry","category-news"],"_links":{"self":[{"href":"https:\/\/www.drmeunier.be\/fr\/wp-json\/wp\/v2\/posts\/399","targetHints":{"allow":["GET"]}}],"collection":[{"href":"https:\/\/www.drmeunier.be\/fr\/wp-json\/wp\/v2\/posts"}],"about":[{"href":"https:\/\/www.drmeunier.be\/fr\/wp-json\/wp\/v2\/types\/post"}],"author":[{"embeddable":true,"href":"https:\/\/www.drmeunier.be\/fr\/wp-json\/wp\/v2\/users\/1"}],"replies":[{"embeddable":true,"href":"https:\/\/www.drmeunier.be\/fr\/wp-json\/wp\/v2\/comments?post=399"}],"version-history":[{"count":15,"href":"https:\/\/www.drmeunier.be\/fr\/wp-json\/wp\/v2\/posts\/399\/revisions"}],"predecessor-version":[{"id":405,"href":"https:\/\/www.drmeunier.be\/fr\/wp-json\/wp\/v2\/posts\/399\/revisions\/405"}],"wp:attachment":[{"href":"https:\/\/www.drmeunier.be\/fr\/wp-json\/wp\/v2\/media?parent=399"}],"wp:term":[{"taxonomy":"category","embeddable":true,"href":"https:\/\/www.drmeunier.be\/fr\/wp-json\/wp\/v2\/categories?post=399"},{"taxonomy":"post_tag","embeddable":true,"href":"https:\/\/www.drmeunier.be\/fr\/wp-json\/wp\/v2\/tags?post=399"}],"curies":[{"name":"wp","href":"https:\/\/api.w.org\/{rel}","templated":true}]}}