{"id":1,"date":"2018-06-05T14:28:11","date_gmt":"2018-06-05T12:28:11","guid":{"rendered":"http:\/\/drmeunier.testwork.be\/?p=1"},"modified":"2018-07-19T12:26:37","modified_gmt":"2018-07-19T10:26:37","slug":"ophtalmo-genetique","status":"publish","type":"post","link":"https:\/\/www.drmeunier.be\/fr\/ophtalmo-genetique\/","title":{"rendered":"Qu\u2019est-ce que l\u2019ophtalmologie g\u00e9n\u00e9tique ?"},"content":{"rendered":"<div class=\"wpb-content-wrapper\"><p>[vc_row heading_color=\u00a0\u00bbprimary-1&Prime; padding_top_multiplier=\u00a0\u00bb3x\u00a0\u00bb padding_bottom_multiplier=\u00a0\u00bb3x\u00a0\u00bb columns_gap=\u00a0\u00bb60&Prime; equal_column_height=\u00a0\u00bbmiddle-content\u00a0\u00bb margin_bottom=\u00a0\u00bb0&Prime;][vc_column]<h3 class=\"grve-element grve-title grve-align-left grve-h3\" style=\"\"><span>Qu\u2019est ce que l\u2019ophtalmologie g\u00e9n\u00e9tique ?<\/span><\/h3>[vc_column_text]<\/p>\n<p dir=\"ltr\">Certaines maladies des yeux sont caus\u00e9es par une alt\u00e9ration de notre code g\u00e9n\u00e9tique : l\u2019ADN. Celles-ci peuvent atteindre diff\u00e9rentes parties de l\u2019oeil et\/ou \u00eatre associ\u00e9es \u00e0 des atteintes d\u2019autres organes (comme les oreilles, la peau, le pancr\u00e9as,&#8230;).<\/p>\n<p dir=\"ltr\">On estime que 60% des cas de c\u00e9cit\u00e9 chez l\u2019enfant sont dus \u00e0 des maladies associ\u00e9es \u00e0 des facteurs g\u00e9n\u00e9tiques.<\/p>\n<p dir=\"ltr\">Les maladies g\u00e9n\u00e9tiques de l\u2019oeil font partie du groupes des maladies rares, il est donc essentiel de rencontrer un m\u00e9decin expert dans ce domaine qui peut d\u00e9pister et suivre optimalement ces maladies. Le docteur Meunier, Ophtalmologue g\u00e9n\u00e9ticienne, pourra vous proposer un diagnostic clinique et un suivi de votre maladie. Si cela est indiqu\u00e9 et que vous le souhaitez un test mol\u00e9culaire pourra vous \u00eatre prescrit. La prise en charge sera toujours en \u00e9troite collaboration avec le centre de g\u00e9n\u00e9tique de l ULB o\u00f9 le docteur Meunier est m\u00e9decin chercheur o\u00f9 avec d autres centres belges reconnus par l&rsquo;inami.<\/p>\n<p>[\/vc_column_text]<div class=\"grve-empty-space grve-height-2x\" style=\"\"><\/div><h3 class=\"grve-element grve-title grve-align-left grve-h3\" style=\"\"><span>A qui s\u2019adresse la consultation d\u2019ophtalmo-g\u00e9n\u00e9tique?<\/span><\/h3><div class=\"grve-empty-space grve-height-1x\" style=\"\"><\/div>[vc_column_text]<\/p>\n<ul>\n<li>Si vous \u00eates atteint d\u2019un syndrome quel qu\u2019il soit (syndrome de Usher, neurofibromatose, ataxie spino-c\u00e9r\u00e9belleuse, R\u00e9tinite pigmentaire, dystrophie maculaire, Albinisme, glaucome juv\u00e9nile, cataracte cong\u00e9nitale, retinoschisis, atrophie optique, syndrome de marfan,&#8230;)<\/li>\n<li>Si vous avez un membre proche de votre famille qui pr\u00e9sente une atteinte g\u00e9n\u00e9tique oculaire et que vous souhaitez un d\u00e9pistage<\/li>\n<li>Si vous avez une maladie oculaire depuis l\u2019enfance ou dont la cause est suppos\u00e9e g\u00e9n\u00e9tique et que vous souhaitez conna\u00eetre votre risque de transmettre la maladie \u00e0 vos enfants.<\/li>\n<\/ul>\n<p>[\/vc_column_text]<div class=\"grve-element grve-divider\" style=\"\"><div class=\"grve-dashed-line-divider grve-border\"><\/div><\/div><div class=\"grve-empty-space grve-height-1x\" style=\"\"><\/div>[vc_column_text]Il existe plusieurs mode selon lesquelles la maladie g\u00e9n\u00e9tique peut se transmettre (dominant, r\u00e9cessif, li\u00e9 au chromosome X, mitochondrial). C\u2019est pourquoi, lors d\u2019une consultation g\u00e9n\u00e9tique, le sp\u00e9cialiste vous questionnera sur vos ant\u00e9c\u00e9dents familiaux et reconstituera votre arbre g\u00e9n\u00e9alogique avec vous. Il n\u2019est cependant pas rare que le patient ne pr\u00e9sente aucun apparent\u00e9 atteint. L absence d\u2019ant\u00e9c\u00e9dents g\u00e9n\u00e9tiques familiaux n\u2019exclut pas qu il s agisse d\u2019 une maladie g\u00e9n\u00e9tique et donc h\u00e9r\u00e9ditaire.[\/vc_column_text]<div class=\"grve-empty-space grve-height-1x\" style=\"\"><\/div>[vc_column_text]<em><span style=\"font-weight: 400;\">Si vous \u00eates enceinte, merci de le pr\u00e9ciser lors de la prise de rendez-vous.<\/span><\/em>[\/vc_column_text][\/vc_column][\/vc_row]<\/p>\n<\/div>","protected":false},"excerpt":{"rendered":"<p>[vc_row heading_color=\u00a0\u00bbprimary-1&Prime; padding_top_multiplier=\u00a0\u00bb3x\u00a0\u00bb padding_bottom_multiplier=\u00a0\u00bb3x\u00a0\u00bb columns_gap=\u00a0\u00bb60&Prime; equal_column_height=\u00a0\u00bbmiddle-content\u00a0\u00bb margin_bottom=\u00a0\u00bb0&Prime;][vc_column][vc_column_text] Certaines maladies des yeux sont caus\u00e9es par une alt\u00e9ration de notre code g\u00e9n\u00e9tique : l\u2019ADN. Celles-ci peuvent atteindre diff\u00e9rentes parties de l\u2019oeil et\/ou \u00eatre associ\u00e9es \u00e0 des atteintes d\u2019autres organes (comme les oreilles, la peau, le pancr\u00e9as,&#8230;). On estime que 60% des cas de c\u00e9cit\u00e9 chez l\u2019enfant sont [&hellip;]<\/p>\n","protected":false},"author":1,"featured_media":0,"comment_status":"open","ping_status":"open","sticky":false,"template":"","format":"standard","meta":{"inline_featured_image":false,"footnotes":""},"categories":[1],"tags":[],"class_list":["post-1","post","type-post","status-publish","format-standard","hentry","category-pathologies"],"_links":{"self":[{"href":"https:\/\/www.drmeunier.be\/fr\/wp-json\/wp\/v2\/posts\/1","targetHints":{"allow":["GET"]}}],"collection":[{"href":"https:\/\/www.drmeunier.be\/fr\/wp-json\/wp\/v2\/posts"}],"about":[{"href":"https:\/\/www.drmeunier.be\/fr\/wp-json\/wp\/v2\/types\/post"}],"author":[{"embeddable":true,"href":"https:\/\/www.drmeunier.be\/fr\/wp-json\/wp\/v2\/users\/1"}],"replies":[{"embeddable":true,"href":"https:\/\/www.drmeunier.be\/fr\/wp-json\/wp\/v2\/comments?post=1"}],"version-history":[{"count":34,"href":"https:\/\/www.drmeunier.be\/fr\/wp-json\/wp\/v2\/posts\/1\/revisions"}],"predecessor-version":[{"id":422,"href":"https:\/\/www.drmeunier.be\/fr\/wp-json\/wp\/v2\/posts\/1\/revisions\/422"}],"wp:attachment":[{"href":"https:\/\/www.drmeunier.be\/fr\/wp-json\/wp\/v2\/media?parent=1"}],"wp:term":[{"taxonomy":"category","embeddable":true,"href":"https:\/\/www.drmeunier.be\/fr\/wp-json\/wp\/v2\/categories?post=1"},{"taxonomy":"post_tag","embeddable":true,"href":"https:\/\/www.drmeunier.be\/fr\/wp-json\/wp\/v2\/tags?post=1"}],"curies":[{"name":"wp","href":"https:\/\/api.w.org\/{rel}","templated":true}]}}